{"id":5918,"date":"2025-04-07T11:36:22","date_gmt":"2025-04-07T09:36:22","guid":{"rendered":"https:\/\/www.blonde-aquitaine.com\/?p=5918"},"modified":"2025-04-07T11:36:22","modified_gmt":"2025-04-07T09:36:22","slug":"la-blonde-daquitaine-fait-son-retour-a-la-tele-et-enchante-les-telespectateurs-de-tf1","status":"publish","type":"post","link":"https:\/\/www.blonde-aquitaine.com\/fr\/la-blonde-daquitaine-fait-son-retour-a-la-tele-et-enchante-les-telespectateurs-de-tf1\/","title":{"rendered":"La Blonde d&#8217;Aquitaine fait son retour \u00e0 la t\u00e9l\u00e9 et enchante les t\u00e9l\u00e9spectateurs de TF1 !"},"content":{"rendered":"<section class=\"wpb-content-wrapper\"><p>[vc_row][vc_column][vc_column_text css=&#8221;{}&#8221; uniqid=&#8221;661d30a639743&#8243;]Du <strong>10 au 23 f\u00e9vrier 2025<\/strong>, la Blonde d&#8217;Aquitaine a fait son retour sur les petits \u00e9crans fran\u00e7ais avec une campagne publicitaire qui a retenu l&#8217;attention des t\u00e9l\u00e9spectateurs de la cha\u00eene TF1. Avec pas moins de <strong>145 passages t\u00e9l\u00e9vis\u00e9s<\/strong> et plus de <strong>20 millions de contacts touch\u00e9s<\/strong> (20 199 964), le spot a confirm\u00e9 le succ\u00e8s d&#8217;une strat\u00e9gie d\u00e9j\u00e0 test\u00e9e avec d&#8217;excellents r\u00e9sultats en 2024.<\/p>\n<p>Cette activit\u00e9 s&#8217;inscrit dans le cadre du programme europ\u00e9en \u00ab <strong>Blonde d&#8217;Aquitaine : European Beef Excellence<\/strong> \u00bb, qui vise \u00e0 promouvoir l&#8217;excellence de la viande de Blonde d&#8217;Aquitaine en France et en Italie, les deux pays directement impliqu\u00e9s dans la cha\u00eene de production de cet animal unique.<\/p>\n<p>Mais qu&#8217;est-ce qui fait la particularit\u00e9 de ce spot ? C&#8217;est simple : la Blonde d&#8217;Aquitaine n&#8217;est pas seulement une race bovine, c&#8217;est un symbole de <strong>qualit\u00e9<\/strong>, qui produit <strong>une viande maigre et tendre au go\u00fbt authentique<\/strong>. Le message publicitaire met en avant certains aspects qui contribuent \u00e0 ce r\u00e9sultat sublime, comme les territoires uniques o\u00f9 les animaux sont en libert\u00e9 et la passion des \u00e9leveurs, qui prennent soin de chaque bovin dans le respect de la tradition et du bien-\u00eatre animal.<\/p>\n<p>La d\u00e9cision de se concentrer sur TF1, la cha\u00eene la plus suivie en France, s&#8217;est une nouvelle fois av\u00e9r\u00e9e gagnante. En effet, la campagne a atteint une <strong>couverture d&#8217;audience de 8,1 %<\/strong>, avec une <strong>r\u00e9p\u00e9tition moyenne de 4 \u00e9missions par individu<\/strong>, assurant une large visibilit\u00e9 et consolidant la notori\u00e9t\u00e9 de la marque.<\/p>\n<p>Les chiffres parlent d&#8217;eux-m\u00eames : les Fran\u00e7ais appr\u00e9cient de plus en plus la qualit\u00e9 de la Blonde d&#8217;Aquitaine.\u00a0 Et avec ce spot, le message est arriv\u00e9 haut et fort dans leurs foyers !<\/p>\n<p>[\/vc_column_text][\/vc_column][\/vc_row][vc_row][vc_column][vc_video link=&#8221;https:\/\/youtu.be\/RF082ouZBwg?feature=shared&#8221;][\/vc_column][\/vc_row]<\/p>\n<\/section>","protected":false},"excerpt":{"rendered":"<p>[vc_row][vc_column][vc_column_text css=&#8221;{}&#8221; uniqid=&#8221;661d30a639743&#8243;]Du 10 au 23 f\u00e9vrier 2025, la Blonde d&#8217;Aquitaine a fait son retour sur les petits \u00e9crans fran\u00e7ais avec une campagne publicitaire qui a retenu l&#8217;attention des t\u00e9l\u00e9spectateurs de la cha\u00eene TF1. Avec pas moins de 145 passages t\u00e9l\u00e9vis\u00e9s et plus de 20 millions de contacts touch\u00e9s (20 199 964), le spot a [&hellip;]<\/p>\n","protected":false},"author":10,"featured_media":5925,"comment_status":"closed","ping_status":"closed","sticky":false,"template":"","format":"standard","meta":{"_acf_changed":false,"_monsterinsights_skip_tracking":false,"_monsterinsights_sitenote_active":false,"_monsterinsights_sitenote_note":"","_monsterinsights_sitenote_category":0,"footnotes":""},"categories":[79,138],"tags":[],"acf":[],"yoast_head":"<!-- This site is optimized with the Yoast SEO plugin v24.5 - https:\/\/yoast.com\/wordpress\/plugins\/seo\/ -->\n<title>La Blonde d&#039;Aquitaine fait son retour \u00e0 la t\u00e9l\u00e9 et enchante les t\u00e9l\u00e9spectateurs de TF1 ! - Blonde d&#039;Aquitaine<\/title>\n<meta name=\"description\" content=\"Revoyez la publicit\u00e9 diffus\u00e9e en f\u00e9vrier sur TF1, et d\u00e9couvrez les r\u00e9sultats d&#039;audience !\" \/>\n<meta name=\"robots\" content=\"index, follow, max-snippet:-1, max-image-preview:large, max-video-preview:-1\" \/>\n<link rel=\"canonical\" href=\"https:\/\/www.blonde-aquitaine.com\/fr\/la-blonde-daquitaine-fait-son-retour-a-la-tele-et-enchante-les-telespectateurs-de-tf1\/\" \/>\n<meta property=\"og:locale\" content=\"fr_FR\" \/>\n<meta property=\"og:type\" content=\"article\" \/>\n<meta property=\"og:title\" content=\"La Blonde d&#039;Aquitaine fait son retour \u00e0 la t\u00e9l\u00e9 et enchante les t\u00e9l\u00e9spectateurs de TF1 ! - Blonde d&#039;Aquitaine\" \/>\n<meta property=\"og:description\" content=\"Revoyez la publicit\u00e9 diffus\u00e9e en f\u00e9vrier sur TF1, et d\u00e9couvrez les r\u00e9sultats d&#039;audience !\" \/>\n<meta property=\"og:url\" content=\"https:\/\/www.blonde-aquitaine.com\/fr\/la-blonde-daquitaine-fait-son-retour-a-la-tele-et-enchante-les-telespectateurs-de-tf1\/\" \/>\n<meta property=\"og:site_name\" content=\"Blonde d&#039;Aquitaine\" \/>\n<meta property=\"article:published_time\" content=\"2025-04-07T09:36:22+00:00\" \/>\n<meta property=\"og:image\" content=\"https:\/\/www.blonde-aquitaine.com\/wp-content\/uploads\/2024\/04\/lo-spot-blonde-daquitaine-su-tf1-un-successo-di-pubblico.jpg\" \/>\n<meta name=\"author\" content=\"Viola Bonaldi\" \/>\n<meta name=\"twitter:card\" content=\"summary_large_image\" \/>\n<meta name=\"twitter:label1\" content=\"\u00c9crit par\" \/>\n\t<meta name=\"twitter:data1\" content=\"Viola Bonaldi\" \/>\n\t<meta name=\"twitter:label2\" content=\"Dur\u00e9e de lecture estim\u00e9e\" \/>\n\t<meta name=\"twitter:data2\" content=\"2 minutes\" \/>\n<script type=\"application\/ld+json\" class=\"yoast-schema-graph\">{\"@context\":\"https:\/\/schema.org\",\"@graph\":[{\"@type\":\"WebPage\",\"@id\":\"https:\/\/www.blonde-aquitaine.com\/fr\/la-blonde-daquitaine-fait-son-retour-a-la-tele-et-enchante-les-telespectateurs-de-tf1\/\",\"url\":\"https:\/\/www.blonde-aquitaine.com\/fr\/la-blonde-daquitaine-fait-son-retour-a-la-tele-et-enchante-les-telespectateurs-de-tf1\/\",\"name\":\"La Blonde d'Aquitaine fait son retour \u00e0 la t\u00e9l\u00e9 et enchante les t\u00e9l\u00e9spectateurs de TF1 ! - Blonde d&#039;Aquitaine\",\"isPartOf\":{\"@id\":\"https:\/\/www.blonde-aquitaine.com\/fr\/#website\"},\"primaryImageOfPage\":{\"@id\":\"https:\/\/www.blonde-aquitaine.com\/fr\/la-blonde-daquitaine-fait-son-retour-a-la-tele-et-enchante-les-telespectateurs-de-tf1\/#primaryimage\"},\"image\":{\"@id\":\"https:\/\/www.blonde-aquitaine.com\/fr\/la-blonde-daquitaine-fait-son-retour-a-la-tele-et-enchante-les-telespectateurs-de-tf1\/#primaryimage\"},\"thumbnailUrl\":\"https:\/\/www.blonde-aquitaine.com\/wp-content\/uploads\/2025\/04\/la-blonde-daquitaine-torna-in-tv-tf1.jpg\",\"datePublished\":\"2025-04-07T09:36:22+00:00\",\"author\":{\"@id\":\"https:\/\/www.blonde-aquitaine.com\/fr\/#\/schema\/person\/a57f08969929c0547d3eea4d3955d1f7\"},\"description\":\"Revoyez la publicit\u00e9 diffus\u00e9e en f\u00e9vrier sur TF1, et d\u00e9couvrez les r\u00e9sultats d'audience !\",\"breadcrumb\":{\"@id\":\"https:\/\/www.blonde-aquitaine.com\/fr\/la-blonde-daquitaine-fait-son-retour-a-la-tele-et-enchante-les-telespectateurs-de-tf1\/#breadcrumb\"},\"inLanguage\":\"fr-FR\",\"potentialAction\":[{\"@type\":\"ReadAction\",\"target\":[\"https:\/\/www.blonde-aquitaine.com\/fr\/la-blonde-daquitaine-fait-son-retour-a-la-tele-et-enchante-les-telespectateurs-de-tf1\/\"]}]},{\"@type\":\"ImageObject\",\"inLanguage\":\"fr-FR\",\"@id\":\"https:\/\/www.blonde-aquitaine.com\/fr\/la-blonde-daquitaine-fait-son-retour-a-la-tele-et-enchante-les-telespectateurs-de-tf1\/#primaryimage\",\"url\":\"https:\/\/www.blonde-aquitaine.com\/wp-content\/uploads\/2025\/04\/la-blonde-daquitaine-torna-in-tv-tf1.jpg\",\"contentUrl\":\"https:\/\/www.blonde-aquitaine.com\/wp-content\/uploads\/2025\/04\/la-blonde-daquitaine-torna-in-tv-tf1.jpg\",\"width\":1280,\"height\":720},{\"@type\":\"BreadcrumbList\",\"@id\":\"https:\/\/www.blonde-aquitaine.com\/fr\/la-blonde-daquitaine-fait-son-retour-a-la-tele-et-enchante-les-telespectateurs-de-tf1\/#breadcrumb\",\"itemListElement\":[{\"@type\":\"ListItem\",\"position\":1,\"name\":\"Home\",\"item\":\"https:\/\/www.blonde-aquitaine.com\/fr\/\"},{\"@type\":\"ListItem\",\"position\":2,\"name\":\"La Blonde d&#8217;Aquitaine fait son retour \u00e0 la t\u00e9l\u00e9 et enchante les t\u00e9l\u00e9spectateurs de TF1 !\"}]},{\"@type\":\"WebSite\",\"@id\":\"https:\/\/www.blonde-aquitaine.com\/fr\/#website\",\"url\":\"https:\/\/www.blonde-aquitaine.com\/fr\/\",\"name\":\"Blonde d&#039;Aquitaine\",\"description\":\"Carne europea naturalmente tenera\",\"potentialAction\":[{\"@type\":\"SearchAction\",\"target\":{\"@type\":\"EntryPoint\",\"urlTemplate\":\"https:\/\/www.blonde-aquitaine.com\/fr\/?s={search_term_string}\"},\"query-input\":{\"@type\":\"PropertyValueSpecification\",\"valueRequired\":true,\"valueName\":\"search_term_string\"}}],\"inLanguage\":\"fr-FR\"},{\"@type\":\"Person\",\"@id\":\"https:\/\/www.blonde-aquitaine.com\/fr\/#\/schema\/person\/a57f08969929c0547d3eea4d3955d1f7\",\"name\":\"Viola Bonaldi\"}]}<\/script>\n<!-- \/ Yoast SEO plugin. -->","yoast_head_json":{"title":"La Blonde d'Aquitaine fait son retour \u00e0 la t\u00e9l\u00e9 et enchante les t\u00e9l\u00e9spectateurs de TF1 ! - Blonde d&#039;Aquitaine","description":"Revoyez la publicit\u00e9 diffus\u00e9e en f\u00e9vrier sur TF1, et d\u00e9couvrez les r\u00e9sultats d'audience !","robots":{"index":"index","follow":"follow","max-snippet":"max-snippet:-1","max-image-preview":"max-image-preview:large","max-video-preview":"max-video-preview:-1"},"canonical":"https:\/\/www.blonde-aquitaine.com\/fr\/la-blonde-daquitaine-fait-son-retour-a-la-tele-et-enchante-les-telespectateurs-de-tf1\/","og_locale":"fr_FR","og_type":"article","og_title":"La Blonde d'Aquitaine fait son retour \u00e0 la t\u00e9l\u00e9 et enchante les t\u00e9l\u00e9spectateurs de TF1 ! - Blonde d&#039;Aquitaine","og_description":"Revoyez la publicit\u00e9 diffus\u00e9e en f\u00e9vrier sur TF1, et d\u00e9couvrez les r\u00e9sultats d'audience !","og_url":"https:\/\/www.blonde-aquitaine.com\/fr\/la-blonde-daquitaine-fait-son-retour-a-la-tele-et-enchante-les-telespectateurs-de-tf1\/","og_site_name":"Blonde d&#039;Aquitaine","article_published_time":"2025-04-07T09:36:22+00:00","og_image":[{"url":"https:\/\/www.blonde-aquitaine.com\/wp-content\/uploads\/2024\/04\/lo-spot-blonde-daquitaine-su-tf1-un-successo-di-pubblico.jpg","type":"","width":"","height":""}],"author":"Viola Bonaldi","twitter_card":"summary_large_image","twitter_misc":{"\u00c9crit par":"Viola Bonaldi","Dur\u00e9e de lecture estim\u00e9e":"2 minutes"},"schema":{"@context":"https:\/\/schema.org","@graph":[{"@type":"WebPage","@id":"https:\/\/www.blonde-aquitaine.com\/fr\/la-blonde-daquitaine-fait-son-retour-a-la-tele-et-enchante-les-telespectateurs-de-tf1\/","url":"https:\/\/www.blonde-aquitaine.com\/fr\/la-blonde-daquitaine-fait-son-retour-a-la-tele-et-enchante-les-telespectateurs-de-tf1\/","name":"La Blonde d'Aquitaine fait son retour \u00e0 la t\u00e9l\u00e9 et enchante les t\u00e9l\u00e9spectateurs de TF1 ! - Blonde d&#039;Aquitaine","isPartOf":{"@id":"https:\/\/www.blonde-aquitaine.com\/fr\/#website"},"primaryImageOfPage":{"@id":"https:\/\/www.blonde-aquitaine.com\/fr\/la-blonde-daquitaine-fait-son-retour-a-la-tele-et-enchante-les-telespectateurs-de-tf1\/#primaryimage"},"image":{"@id":"https:\/\/www.blonde-aquitaine.com\/fr\/la-blonde-daquitaine-fait-son-retour-a-la-tele-et-enchante-les-telespectateurs-de-tf1\/#primaryimage"},"thumbnailUrl":"https:\/\/www.blonde-aquitaine.com\/wp-content\/uploads\/2025\/04\/la-blonde-daquitaine-torna-in-tv-tf1.jpg","datePublished":"2025-04-07T09:36:22+00:00","author":{"@id":"https:\/\/www.blonde-aquitaine.com\/fr\/#\/schema\/person\/a57f08969929c0547d3eea4d3955d1f7"},"description":"Revoyez la publicit\u00e9 diffus\u00e9e en f\u00e9vrier sur TF1, et d\u00e9couvrez les r\u00e9sultats d'audience !","breadcrumb":{"@id":"https:\/\/www.blonde-aquitaine.com\/fr\/la-blonde-daquitaine-fait-son-retour-a-la-tele-et-enchante-les-telespectateurs-de-tf1\/#breadcrumb"},"inLanguage":"fr-FR","potentialAction":[{"@type":"ReadAction","target":["https:\/\/www.blonde-aquitaine.com\/fr\/la-blonde-daquitaine-fait-son-retour-a-la-tele-et-enchante-les-telespectateurs-de-tf1\/"]}]},{"@type":"ImageObject","inLanguage":"fr-FR","@id":"https:\/\/www.blonde-aquitaine.com\/fr\/la-blonde-daquitaine-fait-son-retour-a-la-tele-et-enchante-les-telespectateurs-de-tf1\/#primaryimage","url":"https:\/\/www.blonde-aquitaine.com\/wp-content\/uploads\/2025\/04\/la-blonde-daquitaine-torna-in-tv-tf1.jpg","contentUrl":"https:\/\/www.blonde-aquitaine.com\/wp-content\/uploads\/2025\/04\/la-blonde-daquitaine-torna-in-tv-tf1.jpg","width":1280,"height":720},{"@type":"BreadcrumbList","@id":"https:\/\/www.blonde-aquitaine.com\/fr\/la-blonde-daquitaine-fait-son-retour-a-la-tele-et-enchante-les-telespectateurs-de-tf1\/#breadcrumb","itemListElement":[{"@type":"ListItem","position":1,"name":"Home","item":"https:\/\/www.blonde-aquitaine.com\/fr\/"},{"@type":"ListItem","position":2,"name":"La Blonde d&#8217;Aquitaine fait son retour \u00e0 la t\u00e9l\u00e9 et enchante les t\u00e9l\u00e9spectateurs de TF1 !"}]},{"@type":"WebSite","@id":"https:\/\/www.blonde-aquitaine.com\/fr\/#website","url":"https:\/\/www.blonde-aquitaine.com\/fr\/","name":"Blonde d&#039;Aquitaine","description":"Carne europea naturalmente tenera","potentialAction":[{"@type":"SearchAction","target":{"@type":"EntryPoint","urlTemplate":"https:\/\/www.blonde-aquitaine.com\/fr\/?s={search_term_string}"},"query-input":{"@type":"PropertyValueSpecification","valueRequired":true,"valueName":"search_term_string"}}],"inLanguage":"fr-FR"},{"@type":"Person","@id":"https:\/\/www.blonde-aquitaine.com\/fr\/#\/schema\/person\/a57f08969929c0547d3eea4d3955d1f7","name":"Viola Bonaldi"}]}},"_links":{"self":[{"href":"https:\/\/www.blonde-aquitaine.com\/fr\/wp-json\/wp\/v2\/posts\/5918"}],"collection":[{"href":"https:\/\/www.blonde-aquitaine.com\/fr\/wp-json\/wp\/v2\/posts"}],"about":[{"href":"https:\/\/www.blonde-aquitaine.com\/fr\/wp-json\/wp\/v2\/types\/post"}],"author":[{"embeddable":true,"href":"https:\/\/www.blonde-aquitaine.com\/fr\/wp-json\/wp\/v2\/users\/10"}],"replies":[{"embeddable":true,"href":"https:\/\/www.blonde-aquitaine.com\/fr\/wp-json\/wp\/v2\/comments?post=5918"}],"version-history":[{"count":5,"href":"https:\/\/www.blonde-aquitaine.com\/fr\/wp-json\/wp\/v2\/posts\/5918\/revisions"}],"predecessor-version":[{"id":5935,"href":"https:\/\/www.blonde-aquitaine.com\/fr\/wp-json\/wp\/v2\/posts\/5918\/revisions\/5935"}],"wp:featuredmedia":[{"embeddable":true,"href":"https:\/\/www.blonde-aquitaine.com\/fr\/wp-json\/wp\/v2\/media\/5925"}],"wp:attachment":[{"href":"https:\/\/www.blonde-aquitaine.com\/fr\/wp-json\/wp\/v2\/media?parent=5918"}],"wp:term":[{"taxonomy":"category","embeddable":true,"href":"https:\/\/www.blonde-aquitaine.com\/fr\/wp-json\/wp\/v2\/categories?post=5918"},{"taxonomy":"post_tag","embeddable":true,"href":"https:\/\/www.blonde-aquitaine.com\/fr\/wp-json\/wp\/v2\/tags?post=5918"}],"curies":[{"name":"wp","href":"https:\/\/api.w.org\/{rel}","templated":true}]}}