{"id":5199,"date":"2024-05-31T12:36:17","date_gmt":"2024-05-31T10:36:17","guid":{"rendered":"https:\/\/www.blonde-aquitaine.com\/la-transhumance-dans-les-pyrenees-francaises-une-tradition-seculaire\/"},"modified":"2024-05-31T12:44:32","modified_gmt":"2024-05-31T10:44:32","slug":"la-transhumance-dans-les-pyrenees-francaises-une-tradition-seculaire","status":"publish","type":"post","link":"https:\/\/www.blonde-aquitaine.com\/fr\/la-transhumance-dans-les-pyrenees-francaises-une-tradition-seculaire\/","title":{"rendered":"La transhumance dans les Pyr\u00e9n\u00e9es fran\u00e7aises, une tradition s\u00e9culaire"},"content":{"rendered":"<section class=\"wpb-content-wrapper\"><p>[vc_row][vc_column][vc_column_text css=&#8221;{}&#8221; uniqid=&#8221;665857abf6bdf&#8221;]S\u2019il est une tradition bien ancr\u00e9e dans les Pyr\u00e9n\u00e9es, et qui renvoie \u00e0 des temps tr\u00e8s anciens, c\u2019est la mont\u00e9e des animaux en estive, <strong>fin mai d\u00e9but juin<\/strong>, quand les troupeaux quittent les vall\u00e9es ou les prairies du tour des fermes du pi\u00e9mont pour rejoindre les herbages de montagne, par\u00e9s des couleurs verdoyantes du printemps.<\/p>\n<p>Historiquement une mont\u00e9e \u00ab \u00e0 pied \u00bb, aujourd\u2019hui parfois pour partie en camion o\u00f9 les vaches, \u00e9quip\u00e9es de cloches et sonnailles (\u00ab esquire \u00bb en patois local), regagnent ces vastes espaces naturels de libert\u00e9, entre les cimes et le ciel. Une \u00ab migration \u00bb r\u00e9gionale, effectu\u00e9e immuablement au rythme des saisons, quand les hommes accompagnent les animaux. Une pratique qui trouve sa logique \u00e9conomique dans des fermes familiales de taille modeste pour valoriser la pousse de l\u2019herbe en altitude, une alimentation naturelle et peu co\u00fbteuse, et permettre aux prairies de vall\u00e9es de produire foin et regain pour l\u2019hiver.<\/p>\n<p>D\u2019Ouest en Est, sur l\u2019ensemble de la Chaine des Pyr\u00e9n\u00e9es, ce sont ainsi <strong>plus de 30\u00a0000 vaches Blondes d\u2019Aquitaine qui estivent<\/strong>, pour prendre leurs quartiers en altitude, et se r\u00e9galer de la flore rase et parfum\u00e9e des prairies de montagne, qui <strong>conf\u00e8re \u00e0 la viande de ces animaux une finesse si subtile et une saveur si particuli\u00e8re<\/strong>, particuli\u00e8rement appr\u00e9ci\u00e9e des gourmets et connaisseurs.[\/vc_column_text][\/vc_column][\/vc_row][vc_row][vc_column]\t\t\t<div class=\"portfolio-block gallery-type gallery-6659a330873e2 portfolio-type-packery popup-gallery gap-on\">\r\n\t\t\t\t<div class=\"row isotope\">\r\n\t\t\t\t\t\t\t\t\t\t\t<div class=\"portfolio-item col-12 col-sm-6 col-md-4 istp-item popup-item\" >\r\n\t\t\t\t\t\t\t<div class=\"wrap\">\r\n\t\t\t\t\t\t\t\t<div class=\"img\">\r\n\t\t\t\t\t\t\t\t\t<div class=\"hover-plus\"><\/div>\r\n\t\t\t\t\t\t\t\t\t\t\t\t\t\t\t\t\t\t\t<div class=\"img-b lazyload\" style=\"background-image:inherit\" data-bg-image=\"url(https:\/\/www.blonde-aquitaine.com\/wp-content\/uploads\/2024\/05\/transumanza-sui-pirenei-tradizione-lunga-secoli-transhumance-tradition-secolaire-1280x960.jpg)\"><\/div>\r\n\t\t\t\t\t\t\t\t\t\t\t\t\t\t\t\t\t\t<a href=\"https:\/\/www.blonde-aquitaine.com\/wp-content\/uploads\/2024\/05\/transumanza-sui-pirenei-tradizione-lunga-secoli-transhumance-tradition-secolaire-scaled.jpg\" data-size=\"2560x1920\" data-id=\"1\"><\/a>\r\n\t\t\t\t\t\t\t\t<\/div>\r\n\t\t\t\t\t\t\t\t\t\t\t\t\t\t\t<\/div>\r\n\t\t\t\t\t\t<\/div>\r\n\t\t\t\t\t\t\t\t\t\t\t<div class=\"portfolio-item col-12 col-sm-6 col-md-4 istp-item popup-item\" >\r\n\t\t\t\t\t\t\t<div class=\"wrap\">\r\n\t\t\t\t\t\t\t\t<div class=\"img\">\r\n\t\t\t\t\t\t\t\t\t<div class=\"hover-plus\"><\/div>\r\n\t\t\t\t\t\t\t\t\t\t\t\t\t\t\t\t\t\t\t<div class=\"img-b lazyload\" style=\"background-image:inherit\" data-bg-image=\"url(https:\/\/www.blonde-aquitaine.com\/wp-content\/uploads\/2024\/05\/blonde-daquitaine-mucca-transumanza-estiva-transhumance-summer-960x1280.jpg)\"><\/div>\r\n\t\t\t\t\t\t\t\t\t\t\t\t\t\t\t\t\t\t<a href=\"https:\/\/www.blonde-aquitaine.com\/wp-content\/uploads\/2024\/05\/blonde-daquitaine-mucca-transumanza-estiva-transhumance-summer-scaled.jpg\" data-size=\"1920x2560\" data-id=\"2\"><\/a>\r\n\t\t\t\t\t\t\t\t<\/div>\r\n\t\t\t\t\t\t\t\t\t\t\t\t\t\t\t<\/div>\r\n\t\t\t\t\t\t<\/div>\r\n\t\t\t\t\t\t\t\t\t\t\t<div class=\"portfolio-item col-12 col-sm-6 col-md-4 istp-item popup-item\" >\r\n\t\t\t\t\t\t\t<div class=\"wrap\">\r\n\t\t\t\t\t\t\t\t<div class=\"img\">\r\n\t\t\t\t\t\t\t\t\t<div class=\"hover-plus\"><\/div>\r\n\t\t\t\t\t\t\t\t\t\t\t\t\t\t\t\t\t\t\t<div class=\"img-b lazyload\" style=\"background-image:inherit\" data-bg-image=\"url(https:\/\/www.blonde-aquitaine.com\/wp-content\/uploads\/2024\/05\/transumanza-sui-pirenei-blonde-daquitaine-min-960x1280.jpg)\"><\/div>\r\n\t\t\t\t\t\t\t\t\t\t\t\t\t\t\t\t\t\t<a href=\"https:\/\/www.blonde-aquitaine.com\/wp-content\/uploads\/2024\/05\/transumanza-sui-pirenei-blonde-daquitaine-min-scaled.jpg\" data-size=\"1920x2560\" data-id=\"3\"><\/a>\r\n\t\t\t\t\t\t\t\t<\/div>\r\n\t\t\t\t\t\t\t\t\t\t\t\t\t\t\t<\/div>\r\n\t\t\t\t\t\t<\/div>\r\n\t\t\t\t\t\t\t\t\t\t\t<div class=\"portfolio-item col-12 col-sm-6 col-md-4 istp-item popup-item\" >\r\n\t\t\t\t\t\t\t<div class=\"wrap\">\r\n\t\t\t\t\t\t\t\t<div class=\"img\">\r\n\t\t\t\t\t\t\t\t\t<div class=\"hover-plus\"><\/div>\r\n\t\t\t\t\t\t\t\t\t\t\t\t\t\t\t\t\t\t\t<div class=\"img-b lazyload\" style=\"background-image:inherit\" data-bg-image=\"url(https:\/\/www.blonde-aquitaine.com\/wp-content\/uploads\/2024\/05\/transumanza-mucche-pirenei-blonde-daquitaine-vaches-pyrenees-cows-949x1280.jpg)\"><\/div>\r\n\t\t\t\t\t\t\t\t\t\t\t\t\t\t\t\t\t\t<a href=\"https:\/\/www.blonde-aquitaine.com\/wp-content\/uploads\/2024\/05\/transumanza-mucche-pirenei-blonde-daquitaine-vaches-pyrenees-cows-scaled.jpg\" data-size=\"1898x2560\" data-id=\"4\"><\/a>\r\n\t\t\t\t\t\t\t\t<\/div>\r\n\t\t\t\t\t\t\t\t\t\t\t\t\t\t\t<\/div>\r\n\t\t\t\t\t\t<\/div>\r\n\t\t\t\t\t\t\t\t\t\t\t<div class=\"portfolio-item col-12 col-sm-6 col-md-4 istp-item popup-item\" >\r\n\t\t\t\t\t\t\t<div class=\"wrap\">\r\n\t\t\t\t\t\t\t\t<div class=\"img\">\r\n\t\t\t\t\t\t\t\t\t<div class=\"hover-plus\"><\/div>\r\n\t\t\t\t\t\t\t\t\t\t\t\t\t\t\t\t\t\t\t<div class=\"img-b lazyload\" style=\"background-image:inherit\" data-bg-image=\"url(https:\/\/www.blonde-aquitaine.com\/wp-content\/uploads\/2024\/05\/transumanza-estiva-blonde-daquitaine-summer-transhumance-960x1280.jpg)\"><\/div>\r\n\t\t\t\t\t\t\t\t\t\t\t\t\t\t\t\t\t\t<a href=\"https:\/\/www.blonde-aquitaine.com\/wp-content\/uploads\/2024\/05\/transumanza-estiva-blonde-daquitaine-summer-transhumance-scaled.jpg\" data-size=\"1920x2560\" data-id=\"5\"><\/a>\r\n\t\t\t\t\t\t\t\t<\/div>\r\n\t\t\t\t\t\t\t\t\t\t\t\t\t\t\t<\/div>\r\n\t\t\t\t\t\t<\/div>\r\n\t\t\t\t\t\t\t\t\t\t\t<div class=\"portfolio-item col-12 col-sm-6 col-md-4 istp-item popup-item\" >\r\n\t\t\t\t\t\t\t<div class=\"wrap\">\r\n\t\t\t\t\t\t\t\t<div class=\"img\">\r\n\t\t\t\t\t\t\t\t\t<div class=\"hover-plus\"><\/div>\r\n\t\t\t\t\t\t\t\t\t\t\t\t\t\t\t\t\t\t\t<div class=\"img-b lazyload\" style=\"background-image:inherit\" data-bg-image=\"url(https:\/\/www.blonde-aquitaine.com\/wp-content\/uploads\/2024\/05\/transumanza-blonde-daquitaine-pirenei-thransumance-pyrenees-1280x960.jpg)\"><\/div>\r\n\t\t\t\t\t\t\t\t\t\t\t\t\t\t\t\t\t\t<a href=\"https:\/\/www.blonde-aquitaine.com\/wp-content\/uploads\/2024\/05\/transumanza-blonde-daquitaine-pirenei-thransumance-pyrenees-scaled.jpg\" data-size=\"2560x1920\" data-id=\"6\"><\/a>\r\n\t\t\t\t\t\t\t\t<\/div>\r\n\t\t\t\t\t\t\t\t\t\t\t\t\t\t\t<\/div>\r\n\t\t\t\t\t\t<\/div>\r\n\t\t\t\t\t\t\t\t\t\t\t<div class=\"portfolio-item col-12 col-sm-6 col-md-4 istp-item popup-item\" >\r\n\t\t\t\t\t\t\t<div class=\"wrap\">\r\n\t\t\t\t\t\t\t\t<div class=\"img\">\r\n\t\t\t\t\t\t\t\t\t<div class=\"hover-plus\"><\/div>\r\n\t\t\t\t\t\t\t\t\t\t\t\t\t\t\t\t\t\t\t<div class=\"img-b lazyload\" style=\"background-image:inherit\" data-bg-image=\"url(https:\/\/www.blonde-aquitaine.com\/wp-content\/uploads\/2024\/05\/paesaggio-transumanza-sui-pirenei-blonde-daquitaine-paysage-transhumance-landscape-pyrenees-1280x960.jpg)\"><\/div>\r\n\t\t\t\t\t\t\t\t\t\t\t\t\t\t\t\t\t\t<a href=\"https:\/\/www.blonde-aquitaine.com\/wp-content\/uploads\/2024\/05\/paesaggio-transumanza-sui-pirenei-blonde-daquitaine-paysage-transhumance-landscape-pyrenees-scaled.jpg\" data-size=\"2560x1920\" data-id=\"7\"><\/a>\r\n\t\t\t\t\t\t\t\t<\/div>\r\n\t\t\t\t\t\t\t\t\t\t\t\t\t\t\t<\/div>\r\n\t\t\t\t\t\t<\/div>\r\n\t\t\t\t\t\t\t\t\t\t\t<div class=\"portfolio-item col-12 col-sm-6 col-md-4 istp-item popup-item\" >\r\n\t\t\t\t\t\t\t<div class=\"wrap\">\r\n\t\t\t\t\t\t\t\t<div class=\"img\">\r\n\t\t\t\t\t\t\t\t\t<div class=\"hover-plus\"><\/div>\r\n\t\t\t\t\t\t\t\t\t\t\t\t\t\t\t\t\t\t\t<div class=\"img-b lazyload\" style=\"background-image:inherit\" data-bg-image=\"url(https:\/\/www.blonde-aquitaine.com\/wp-content\/uploads\/2024\/05\/paesaggio-pirenei-paysage-landscape-pyrenees.jpg)\"><\/div>\r\n\t\t\t\t\t\t\t\t\t\t\t\t\t\t\t\t\t\t<a href=\"https:\/\/www.blonde-aquitaine.com\/wp-content\/uploads\/2024\/05\/paesaggio-pirenei-paysage-landscape-pyrenees.jpg\" data-size=\"960x720\" data-id=\"8\"><\/a>\r\n\t\t\t\t\t\t\t\t<\/div>\r\n\t\t\t\t\t\t\t\t\t\t\t\t\t\t\t<\/div>\r\n\t\t\t\t\t\t<\/div>\r\n\t\t\t\t\t\t\t\t\t\t\t<div class=\"portfolio-item col-12 col-sm-6 col-md-4 istp-item popup-item\" >\r\n\t\t\t\t\t\t\t<div class=\"wrap\">\r\n\t\t\t\t\t\t\t\t<div class=\"img\">\r\n\t\t\t\t\t\t\t\t\t<div class=\"hover-plus\"><\/div>\r\n\t\t\t\t\t\t\t\t\t\t\t\t\t\t\t\t\t\t\t<div class=\"img-b lazyload\" style=\"background-image:inherit\" data-bg-image=\"url(https:\/\/www.blonde-aquitaine.com\/wp-content\/uploads\/2024\/05\/mandria-blonde-daquitaine-in-transumanza-transhumance-1280x811.jpg)\"><\/div>\r\n\t\t\t\t\t\t\t\t\t\t\t\t\t\t\t\t\t\t<a href=\"https:\/\/www.blonde-aquitaine.com\/wp-content\/uploads\/2024\/05\/mandria-blonde-daquitaine-in-transumanza-transhumance-scaled.jpg\" data-size=\"2560x1623\" data-id=\"9\"><\/a>\r\n\t\t\t\t\t\t\t\t<\/div>\r\n\t\t\t\t\t\t\t\t\t\t\t\t\t\t\t<\/div>\r\n\t\t\t\t\t\t<\/div>\r\n\t\t\t\t\t\t\t\t\t\t\t<div class=\"portfolio-item col-12 col-sm-6 col-md-4 istp-item popup-item\" >\r\n\t\t\t\t\t\t\t<div class=\"wrap\">\r\n\t\t\t\t\t\t\t\t<div class=\"img\">\r\n\t\t\t\t\t\t\t\t\t<div class=\"hover-plus\"><\/div>\r\n\t\t\t\t\t\t\t\t\t\t\t\t\t\t\t\t\t\t\t<div class=\"img-b lazyload\" style=\"background-image:inherit\" data-bg-image=\"url(https:\/\/www.blonde-aquitaine.com\/wp-content\/uploads\/2024\/05\/blonde-daquitaine-mucca-european-excellence-min-1-1280x960.jpg)\"><\/div>\r\n\t\t\t\t\t\t\t\t\t\t\t\t\t\t\t\t\t\t<a href=\"https:\/\/www.blonde-aquitaine.com\/wp-content\/uploads\/2024\/05\/blonde-daquitaine-mucca-european-excellence-min-1-scaled.jpg\" data-size=\"2560x1920\" data-id=\"10\"><\/a>\r\n\t\t\t\t\t\t\t\t<\/div>\r\n\t\t\t\t\t\t\t\t\t\t\t\t\t\t\t<\/div>\r\n\t\t\t\t\t\t<\/div>\r\n\t\t\t\t\t\t\t\t\t<\/div>\r\n\t\t\t<\/div>\r\n\t\t[\/vc_column][\/vc_row]<\/p>\n<\/section>","protected":false},"excerpt":{"rendered":"<p>[vc_row][vc_column][vc_column_text css=&#8221;{}&#8221; uniqid=&#8221;665857abf6bdf&#8221;]S\u2019il est une tradition bien ancr\u00e9e dans les Pyr\u00e9n\u00e9es, et qui renvoie \u00e0 des temps tr\u00e8s anciens, c\u2019est la mont\u00e9e des animaux en estive, fin mai d\u00e9but juin, quand les troupeaux quittent les vall\u00e9es ou les prairies du tour des fermes du pi\u00e9mont pour rejoindre les herbages de montagne, par\u00e9s des couleurs verdoyantes [&hellip;]<\/p>\n","protected":false},"author":10,"featured_media":5160,"comment_status":"closed","ping_status":"closed","sticky":false,"template":"","format":"standard","meta":{"_acf_changed":false,"_monsterinsights_skip_tracking":false,"_monsterinsights_sitenote_active":false,"_monsterinsights_sitenote_note":"","_monsterinsights_sitenote_category":0,"footnotes":""},"categories":[79],"tags":[],"acf":[],"yoast_head":"<!-- This site is optimized with the Yoast SEO plugin v24.5 - https:\/\/yoast.com\/wordpress\/plugins\/seo\/ -->\n<title>La transhumance dans les Pyr\u00e9n\u00e9es fran\u00e7aises, une tradition s\u00e9culaire - Blonde d&#039;Aquitaine<\/title>\n<meta name=\"description\" content=\"Entre mai et juin, la transhumance de la Blonde d&#039;Aquitaine se d\u00e9roule dans les Pyr\u00e9n\u00e9es fran\u00e7aises. D\u00e9couvrez cette tradition s\u00e9culaire !\" \/>\n<meta name=\"robots\" content=\"index, follow, max-snippet:-1, max-image-preview:large, max-video-preview:-1\" \/>\n<link rel=\"canonical\" href=\"https:\/\/www.blonde-aquitaine.com\/fr\/la-transhumance-dans-les-pyrenees-francaises-une-tradition-seculaire\/\" \/>\n<meta property=\"og:locale\" content=\"fr_FR\" \/>\n<meta property=\"og:type\" content=\"article\" \/>\n<meta property=\"og:title\" content=\"La transhumance dans les Pyr\u00e9n\u00e9es fran\u00e7aises, une tradition s\u00e9culaire - Blonde d&#039;Aquitaine\" \/>\n<meta property=\"og:description\" content=\"Entre mai et juin, la transhumance de la Blonde d&#039;Aquitaine se d\u00e9roule dans les Pyr\u00e9n\u00e9es fran\u00e7aises. D\u00e9couvrez cette tradition s\u00e9culaire !\" \/>\n<meta property=\"og:url\" content=\"https:\/\/www.blonde-aquitaine.com\/fr\/la-transhumance-dans-les-pyrenees-francaises-une-tradition-seculaire\/\" \/>\n<meta property=\"og:site_name\" content=\"Blonde d&#039;Aquitaine\" \/>\n<meta property=\"article:published_time\" content=\"2024-05-31T10:36:17+00:00\" \/>\n<meta property=\"article:modified_time\" content=\"2024-05-31T10:44:32+00:00\" \/>\n<meta property=\"og:image\" content=\"https:\/\/www.blonde-aquitaine.com\/wp-content\/uploads\/2024\/05\/blonde-daquitaine-mandriano-pasture-.jpg\" \/>\n\t<meta property=\"og:image:width\" content=\"1280\" \/>\n\t<meta property=\"og:image:height\" content=\"720\" \/>\n\t<meta property=\"og:image:type\" content=\"image\/jpeg\" \/>\n<meta name=\"author\" content=\"Viola Bonaldi\" \/>\n<meta name=\"twitter:card\" content=\"summary_large_image\" \/>\n<meta name=\"twitter:label1\" content=\"\u00c9crit par\" \/>\n\t<meta name=\"twitter:data1\" content=\"Viola Bonaldi\" \/>\n\t<meta name=\"twitter:label2\" content=\"Dur\u00e9e de lecture estim\u00e9e\" \/>\n\t<meta name=\"twitter:data2\" content=\"4 minutes\" \/>\n<script type=\"application\/ld+json\" class=\"yoast-schema-graph\">{\"@context\":\"https:\/\/schema.org\",\"@graph\":[{\"@type\":\"WebPage\",\"@id\":\"https:\/\/www.blonde-aquitaine.com\/fr\/la-transhumance-dans-les-pyrenees-francaises-une-tradition-seculaire\/\",\"url\":\"https:\/\/www.blonde-aquitaine.com\/fr\/la-transhumance-dans-les-pyrenees-francaises-une-tradition-seculaire\/\",\"name\":\"La transhumance dans les Pyr\u00e9n\u00e9es fran\u00e7aises, une tradition s\u00e9culaire - Blonde d&#039;Aquitaine\",\"isPartOf\":{\"@id\":\"https:\/\/www.blonde-aquitaine.com\/fr\/#website\"},\"primaryImageOfPage\":{\"@id\":\"https:\/\/www.blonde-aquitaine.com\/fr\/la-transhumance-dans-les-pyrenees-francaises-une-tradition-seculaire\/#primaryimage\"},\"image\":{\"@id\":\"https:\/\/www.blonde-aquitaine.com\/fr\/la-transhumance-dans-les-pyrenees-francaises-une-tradition-seculaire\/#primaryimage\"},\"thumbnailUrl\":\"https:\/\/www.blonde-aquitaine.com\/wp-content\/uploads\/2024\/05\/blonde-daquitaine-mandriano-pasture-.jpg\",\"datePublished\":\"2024-05-31T10:36:17+00:00\",\"dateModified\":\"2024-05-31T10:44:32+00:00\",\"author\":{\"@id\":\"https:\/\/www.blonde-aquitaine.com\/fr\/#\/schema\/person\/a57f08969929c0547d3eea4d3955d1f7\"},\"description\":\"Entre mai et juin, la transhumance de la Blonde d'Aquitaine se d\u00e9roule dans les Pyr\u00e9n\u00e9es fran\u00e7aises. D\u00e9couvrez cette tradition s\u00e9culaire !\",\"breadcrumb\":{\"@id\":\"https:\/\/www.blonde-aquitaine.com\/fr\/la-transhumance-dans-les-pyrenees-francaises-une-tradition-seculaire\/#breadcrumb\"},\"inLanguage\":\"fr-FR\",\"potentialAction\":[{\"@type\":\"ReadAction\",\"target\":[\"https:\/\/www.blonde-aquitaine.com\/fr\/la-transhumance-dans-les-pyrenees-francaises-une-tradition-seculaire\/\"]}]},{\"@type\":\"ImageObject\",\"inLanguage\":\"fr-FR\",\"@id\":\"https:\/\/www.blonde-aquitaine.com\/fr\/la-transhumance-dans-les-pyrenees-francaises-une-tradition-seculaire\/#primaryimage\",\"url\":\"https:\/\/www.blonde-aquitaine.com\/wp-content\/uploads\/2024\/05\/blonde-daquitaine-mandriano-pasture-.jpg\",\"contentUrl\":\"https:\/\/www.blonde-aquitaine.com\/wp-content\/uploads\/2024\/05\/blonde-daquitaine-mandriano-pasture-.jpg\",\"width\":1280,\"height\":720},{\"@type\":\"BreadcrumbList\",\"@id\":\"https:\/\/www.blonde-aquitaine.com\/fr\/la-transhumance-dans-les-pyrenees-francaises-une-tradition-seculaire\/#breadcrumb\",\"itemListElement\":[{\"@type\":\"ListItem\",\"position\":1,\"name\":\"Home\",\"item\":\"https:\/\/www.blonde-aquitaine.com\/fr\/\"},{\"@type\":\"ListItem\",\"position\":2,\"name\":\"La transhumance dans les Pyr\u00e9n\u00e9es fran\u00e7aises, une tradition s\u00e9culaire\"}]},{\"@type\":\"WebSite\",\"@id\":\"https:\/\/www.blonde-aquitaine.com\/fr\/#website\",\"url\":\"https:\/\/www.blonde-aquitaine.com\/fr\/\",\"name\":\"Blonde d&#039;Aquitaine\",\"description\":\"Carne europea naturalmente tenera\",\"potentialAction\":[{\"@type\":\"SearchAction\",\"target\":{\"@type\":\"EntryPoint\",\"urlTemplate\":\"https:\/\/www.blonde-aquitaine.com\/fr\/?s={search_term_string}\"},\"query-input\":{\"@type\":\"PropertyValueSpecification\",\"valueRequired\":true,\"valueName\":\"search_term_string\"}}],\"inLanguage\":\"fr-FR\"},{\"@type\":\"Person\",\"@id\":\"https:\/\/www.blonde-aquitaine.com\/fr\/#\/schema\/person\/a57f08969929c0547d3eea4d3955d1f7\",\"name\":\"Viola Bonaldi\"}]}<\/script>\n<!-- \/ Yoast SEO plugin. -->","yoast_head_json":{"title":"La transhumance dans les Pyr\u00e9n\u00e9es fran\u00e7aises, une tradition s\u00e9culaire - Blonde d&#039;Aquitaine","description":"Entre mai et juin, la transhumance de la Blonde d'Aquitaine se d\u00e9roule dans les Pyr\u00e9n\u00e9es fran\u00e7aises. D\u00e9couvrez cette tradition s\u00e9culaire !","robots":{"index":"index","follow":"follow","max-snippet":"max-snippet:-1","max-image-preview":"max-image-preview:large","max-video-preview":"max-video-preview:-1"},"canonical":"https:\/\/www.blonde-aquitaine.com\/fr\/la-transhumance-dans-les-pyrenees-francaises-une-tradition-seculaire\/","og_locale":"fr_FR","og_type":"article","og_title":"La transhumance dans les Pyr\u00e9n\u00e9es fran\u00e7aises, une tradition s\u00e9culaire - Blonde d&#039;Aquitaine","og_description":"Entre mai et juin, la transhumance de la Blonde d'Aquitaine se d\u00e9roule dans les Pyr\u00e9n\u00e9es fran\u00e7aises. D\u00e9couvrez cette tradition s\u00e9culaire !","og_url":"https:\/\/www.blonde-aquitaine.com\/fr\/la-transhumance-dans-les-pyrenees-francaises-une-tradition-seculaire\/","og_site_name":"Blonde d&#039;Aquitaine","article_published_time":"2024-05-31T10:36:17+00:00","article_modified_time":"2024-05-31T10:44:32+00:00","og_image":[{"width":1280,"height":720,"url":"https:\/\/www.blonde-aquitaine.com\/wp-content\/uploads\/2024\/05\/blonde-daquitaine-mandriano-pasture-.jpg","type":"image\/jpeg"}],"author":"Viola Bonaldi","twitter_card":"summary_large_image","twitter_misc":{"\u00c9crit par":"Viola Bonaldi","Dur\u00e9e de lecture estim\u00e9e":"4 minutes"},"schema":{"@context":"https:\/\/schema.org","@graph":[{"@type":"WebPage","@id":"https:\/\/www.blonde-aquitaine.com\/fr\/la-transhumance-dans-les-pyrenees-francaises-une-tradition-seculaire\/","url":"https:\/\/www.blonde-aquitaine.com\/fr\/la-transhumance-dans-les-pyrenees-francaises-une-tradition-seculaire\/","name":"La transhumance dans les Pyr\u00e9n\u00e9es fran\u00e7aises, une tradition s\u00e9culaire - Blonde d&#039;Aquitaine","isPartOf":{"@id":"https:\/\/www.blonde-aquitaine.com\/fr\/#website"},"primaryImageOfPage":{"@id":"https:\/\/www.blonde-aquitaine.com\/fr\/la-transhumance-dans-les-pyrenees-francaises-une-tradition-seculaire\/#primaryimage"},"image":{"@id":"https:\/\/www.blonde-aquitaine.com\/fr\/la-transhumance-dans-les-pyrenees-francaises-une-tradition-seculaire\/#primaryimage"},"thumbnailUrl":"https:\/\/www.blonde-aquitaine.com\/wp-content\/uploads\/2024\/05\/blonde-daquitaine-mandriano-pasture-.jpg","datePublished":"2024-05-31T10:36:17+00:00","dateModified":"2024-05-31T10:44:32+00:00","author":{"@id":"https:\/\/www.blonde-aquitaine.com\/fr\/#\/schema\/person\/a57f08969929c0547d3eea4d3955d1f7"},"description":"Entre mai et juin, la transhumance de la Blonde d'Aquitaine se d\u00e9roule dans les Pyr\u00e9n\u00e9es fran\u00e7aises. D\u00e9couvrez cette tradition s\u00e9culaire !","breadcrumb":{"@id":"https:\/\/www.blonde-aquitaine.com\/fr\/la-transhumance-dans-les-pyrenees-francaises-une-tradition-seculaire\/#breadcrumb"},"inLanguage":"fr-FR","potentialAction":[{"@type":"ReadAction","target":["https:\/\/www.blonde-aquitaine.com\/fr\/la-transhumance-dans-les-pyrenees-francaises-une-tradition-seculaire\/"]}]},{"@type":"ImageObject","inLanguage":"fr-FR","@id":"https:\/\/www.blonde-aquitaine.com\/fr\/la-transhumance-dans-les-pyrenees-francaises-une-tradition-seculaire\/#primaryimage","url":"https:\/\/www.blonde-aquitaine.com\/wp-content\/uploads\/2024\/05\/blonde-daquitaine-mandriano-pasture-.jpg","contentUrl":"https:\/\/www.blonde-aquitaine.com\/wp-content\/uploads\/2024\/05\/blonde-daquitaine-mandriano-pasture-.jpg","width":1280,"height":720},{"@type":"BreadcrumbList","@id":"https:\/\/www.blonde-aquitaine.com\/fr\/la-transhumance-dans-les-pyrenees-francaises-une-tradition-seculaire\/#breadcrumb","itemListElement":[{"@type":"ListItem","position":1,"name":"Home","item":"https:\/\/www.blonde-aquitaine.com\/fr\/"},{"@type":"ListItem","position":2,"name":"La transhumance dans les Pyr\u00e9n\u00e9es fran\u00e7aises, une tradition s\u00e9culaire"}]},{"@type":"WebSite","@id":"https:\/\/www.blonde-aquitaine.com\/fr\/#website","url":"https:\/\/www.blonde-aquitaine.com\/fr\/","name":"Blonde d&#039;Aquitaine","description":"Carne europea naturalmente tenera","potentialAction":[{"@type":"SearchAction","target":{"@type":"EntryPoint","urlTemplate":"https:\/\/www.blonde-aquitaine.com\/fr\/?s={search_term_string}"},"query-input":{"@type":"PropertyValueSpecification","valueRequired":true,"valueName":"search_term_string"}}],"inLanguage":"fr-FR"},{"@type":"Person","@id":"https:\/\/www.blonde-aquitaine.com\/fr\/#\/schema\/person\/a57f08969929c0547d3eea4d3955d1f7","name":"Viola Bonaldi"}]}},"_links":{"self":[{"href":"https:\/\/www.blonde-aquitaine.com\/fr\/wp-json\/wp\/v2\/posts\/5199"}],"collection":[{"href":"https:\/\/www.blonde-aquitaine.com\/fr\/wp-json\/wp\/v2\/posts"}],"about":[{"href":"https:\/\/www.blonde-aquitaine.com\/fr\/wp-json\/wp\/v2\/types\/post"}],"author":[{"embeddable":true,"href":"https:\/\/www.blonde-aquitaine.com\/fr\/wp-json\/wp\/v2\/users\/10"}],"replies":[{"embeddable":true,"href":"https:\/\/www.blonde-aquitaine.com\/fr\/wp-json\/wp\/v2\/comments?post=5199"}],"version-history":[{"count":5,"href":"https:\/\/www.blonde-aquitaine.com\/fr\/wp-json\/wp\/v2\/posts\/5199\/revisions"}],"predecessor-version":[{"id":5207,"href":"https:\/\/www.blonde-aquitaine.com\/fr\/wp-json\/wp\/v2\/posts\/5199\/revisions\/5207"}],"wp:featuredmedia":[{"embeddable":true,"href":"https:\/\/www.blonde-aquitaine.com\/fr\/wp-json\/wp\/v2\/media\/5160"}],"wp:attachment":[{"href":"https:\/\/www.blonde-aquitaine.com\/fr\/wp-json\/wp\/v2\/media?parent=5199"}],"wp:term":[{"taxonomy":"category","embeddable":true,"href":"https:\/\/www.blonde-aquitaine.com\/fr\/wp-json\/wp\/v2\/categories?post=5199"},{"taxonomy":"post_tag","embeddable":true,"href":"https:\/\/www.blonde-aquitaine.com\/fr\/wp-json\/wp\/v2\/tags?post=5199"}],"curies":[{"name":"wp","href":"https:\/\/api.w.org\/{rel}","templated":true}]}}