{"id":4594,"date":"2023-12-21T17:49:15","date_gmt":"2023-12-21T16:49:15","guid":{"rendered":"https:\/\/www.blonde-aquitaine.com\/?p=4594"},"modified":"2023-12-22T14:43:39","modified_gmt":"2023-12-22T13:43:39","slug":"une-journee-dans-les-paysages-de-la-blonde-daquitaine-pour-mieux-se-connaitre","status":"publish","type":"post","link":"https:\/\/www.blonde-aquitaine.com\/fr\/une-journee-dans-les-paysages-de-la-blonde-daquitaine-pour-mieux-se-connaitre\/","title":{"rendered":"Une journ\u00e9e dans les paysages de la Blonde d\u2019Aquitaine, pour mieux se conna\u00eetre"},"content":{"rendered":"<section class=\"wpb-content-wrapper\"><p>[vc_row][vc_column][vc_row_inner][vc_column_inner][vc_column_text css=&#8221;{}&#8221; uniqid=&#8221;64771496122a4&#8243;]Une belle journ\u00e9e dans les p\u00e2turages o\u00f9 la Blonde d\u2019Aquitaine est \u00e9lev\u00e9e.<br \/>\nUne promenade qui a montr\u00e9 le lien indissociable et <strong>pr\u00e9cieux entre le patrimoine paysager, l\u2019\u00e9levage, l\u2019agriculture, l\u2019environnement et l\u2019avenir.<\/strong><\/p>\n<p>A l\u2019occasion de la troisi\u00e8me \u00e9dition de la <a href=\"https:\/\/www.caue64.fr\/evenement\/balade-paysage-deleveurs\/\" target=\"_blank\" rel=\"noopener\"><strong><em>Balade en paysage d\u2019\u00e9leveurs<\/em><\/strong><\/a>, la <strong><a href=\"https:\/\/pa.chambre-agriculture.fr\/\" target=\"_blank\" rel=\"noopener\">Chambre d\u2019Agriculture<\/a><\/strong> et les \u00e9leveurs de la commune de Sauveterre de B\u00e9arn, dans le sud-ouest de la France, en partenariat avec le <strong><a href=\"https:\/\/www.caue64.fr\/\" target=\"_blank\" rel=\"noopener\">CAUE 64<\/a><\/strong> (<em>Conseil d\u2019Architecture d\u2019Urbanisme et de l\u2019Environnement des Pyr\u00e9n\u00e9es-Atlantiques<\/em>), ont organis\u00e9 une journ\u00e9e de promotion des paysages du territoire \u00e0 travers <strong>les zones d\u2019\u00e9levage de la race Blonde d\u2019Aquitaine.<\/strong><\/p>\n<p>Environ 180 personnes ont particip\u00e9 \u00e0 cette initiative pour d\u00e9couvrir la relation sp\u00e9ciale qui lie le territoire, les \u00e9leveurs et les produits de leur travail. Une occasion pr\u00e9cieuse de mieux conna\u00eetre ce m\u00e9tier, si important pour l\u2019environnement, pour les consommateurs, mais aussi pour les animaux qui le rendent possible.<\/p>\n<p>Au terme de la promenade entre le B\u00e9arn et le Pays Basque, une lecture du paysage des collines a eu lieu en compagnie d\u2019Agn\u00e8s Ducat, conseill\u00e8re paysag\u00e8re au CAUE 64, suivie d\u2019une <strong>d\u00e9gustation de viande Blonde d\u2019Aquitaine<\/strong> au cours de laquelle \u00e9leveurs, producteurs, exploitants et consommateurs ont pu profiter de ses caract\u00e9ristiques uniques.<\/p>\n<p>En effet,<strong> la viande de Blonde d\u2019Aquitaine provient de vaches particuli\u00e8rement adapt\u00e9es au syst\u00e8me de p\u00e2turage, faciles \u00e0 g\u00e9rer et \u00e0 \u00e9lever<\/strong>, parfaites pour s\u2019adapter aux \u00e9volutions climatiques, notamment au climat sec.<\/p>\n<p>C&#8217;est \u00e9galement gr\u00e2ce \u00e0 ces particularit\u00e9s que la viande produite est excellente, tant<strong> pour les professionnels du secteur<\/strong>, en raison de sa faible teneur en os et de ses qualit\u00e9s intrins\u00e8ques, que <strong>pour les consommateurs<\/strong>, qui peuvent go\u00fbter une viande tendre et tout simplement d\u00e9licieuse.<\/p>\n<p>Bref, la troisi\u00e8me \u00e9dition de la <em>Balade en paysage d\u2019\u00e9leveurs<\/em> a \u00e9t\u00e9 l\u2019occasion de d\u00e9couvrir une r\u00e9alit\u00e9 unique en son genre et de trouver des pistes de r\u00e9flexion et des r\u00e9ponses sur la relation entre \u00e9leveurs, territoire et animaux, si pr\u00e9cieuse pour les consommateurs et pour l\u2019avenir de la plan\u00e8te.<\/p>\n<p><center><br \/>\n<iframe title=\"YouTube video player\" data-src=\"https:\/\/www.youtube.com\/embed\/XM9EJnWmg78?si=r4OVwFYDdDhFR-D4\" width=\"1080\" height=\"610\" frameborder=\"0\" allowfullscreen=\"allowfullscreen\" src=\"data:image\/gif;base64,R0lGODlhAQABAAAAACH5BAEKAAEALAAAAAABAAEAAAICTAEAOw==\" class=\"lazyload\" data-load-mode=\"1\"><\/iframe><\/center>[\/vc_column_text][vc_column_text css=&#8221;{}&#8221; uniqid=&#8221;649aabe688344&#8243;][\/vc_column_text][\/vc_column_inner][\/vc_row_inner][\/vc_column][\/vc_row]<\/p>\n<\/section>","protected":false},"excerpt":{"rendered":"<p>[vc_row][vc_column][vc_row_inner][vc_column_inner][vc_column_text css=&#8221;{}&#8221; uniqid=&#8221;64771496122a4&#8243;]Une belle journ\u00e9e dans les p\u00e2turages o\u00f9 la Blonde d\u2019Aquitaine est \u00e9lev\u00e9e. Une promenade qui a montr\u00e9 le lien indissociable et pr\u00e9cieux entre le patrimoine paysager, l\u2019\u00e9levage, l\u2019agriculture, l\u2019environnement et l\u2019avenir. A l\u2019occasion de la troisi\u00e8me \u00e9dition de la Balade en paysage d\u2019\u00e9leveurs, la Chambre d\u2019Agriculture et les \u00e9leveurs de la commune de [&hellip;]<\/p>\n","protected":false},"author":9,"featured_media":4613,"comment_status":"closed","ping_status":"closed","sticky":false,"template":"","format":"standard","meta":{"_acf_changed":false,"_monsterinsights_skip_tracking":false,"_monsterinsights_sitenote_active":false,"_monsterinsights_sitenote_note":"","_monsterinsights_sitenote_category":0,"footnotes":""},"categories":[79,34,64],"tags":[],"acf":[],"yoast_head":"<!-- This site is optimized with the Yoast SEO plugin v24.5 - https:\/\/yoast.com\/wordpress\/plugins\/seo\/ -->\n<title>La Blonde d\u2019Aquitaine dans l\u2019\u00e9mission E-Planet - Blonde d&#039;Aquitaine<\/title>\n<meta name=\"description\" content=\"Pour la troisi\u00e8me \u00e9dition de la Balade en paysage d\u2019\u00e9leveurs, une promenade d\u00e9gustation a eu lieu entre les territoires d\u2019\u00e9levage de la Blonde d\u2019Aquitaine.\" \/>\n<meta name=\"robots\" content=\"index, follow, max-snippet:-1, max-image-preview:large, max-video-preview:-1\" \/>\n<link rel=\"canonical\" href=\"https:\/\/www.blonde-aquitaine.com\/fr\/une-journee-dans-les-paysages-de-la-blonde-daquitaine-pour-mieux-se-connaitre\/\" \/>\n<meta property=\"og:locale\" content=\"fr_FR\" \/>\n<meta property=\"og:type\" content=\"article\" \/>\n<meta property=\"og:title\" content=\"La Blonde d\u2019Aquitaine dans l\u2019\u00e9mission E-Planet - Blonde d&#039;Aquitaine\" \/>\n<meta property=\"og:description\" content=\"Pour la troisi\u00e8me \u00e9dition de la Balade en paysage d\u2019\u00e9leveurs, une promenade d\u00e9gustation a eu lieu entre les territoires d\u2019\u00e9levage de la Blonde d\u2019Aquitaine.\" \/>\n<meta property=\"og:url\" content=\"https:\/\/www.blonde-aquitaine.com\/fr\/une-journee-dans-les-paysages-de-la-blonde-daquitaine-pour-mieux-se-connaitre\/\" \/>\n<meta property=\"og:site_name\" content=\"Blonde d&#039;Aquitaine\" \/>\n<meta property=\"article:published_time\" content=\"2023-12-21T16:49:15+00:00\" \/>\n<meta property=\"article:modified_time\" content=\"2023-12-22T13:43:39+00:00\" \/>\n<meta property=\"og:image\" content=\"https:\/\/www.blonde-aquitaine.com\/wp-content\/uploads\/2023\/12\/Copertina_BDA_news8.jpg\" \/>\n\t<meta property=\"og:image:width\" content=\"1280\" \/>\n\t<meta property=\"og:image:height\" content=\"720\" \/>\n\t<meta property=\"og:image:type\" content=\"image\/jpeg\" \/>\n<meta name=\"author\" content=\"Lorenzo Macculi\" \/>\n<meta name=\"twitter:card\" content=\"summary_large_image\" \/>\n<meta name=\"twitter:label1\" content=\"\u00c9crit par\" \/>\n\t<meta name=\"twitter:data1\" content=\"Lorenzo Macculi\" \/>\n\t<meta name=\"twitter:label2\" content=\"Dur\u00e9e de lecture estim\u00e9e\" \/>\n\t<meta name=\"twitter:data2\" content=\"2 minutes\" \/>\n<script type=\"application\/ld+json\" class=\"yoast-schema-graph\">{\"@context\":\"https:\/\/schema.org\",\"@graph\":[{\"@type\":\"WebPage\",\"@id\":\"https:\/\/www.blonde-aquitaine.com\/fr\/une-journee-dans-les-paysages-de-la-blonde-daquitaine-pour-mieux-se-connaitre\/\",\"url\":\"https:\/\/www.blonde-aquitaine.com\/fr\/une-journee-dans-les-paysages-de-la-blonde-daquitaine-pour-mieux-se-connaitre\/\",\"name\":\"La Blonde d\u2019Aquitaine dans l\u2019\u00e9mission E-Planet - Blonde d&#039;Aquitaine\",\"isPartOf\":{\"@id\":\"https:\/\/www.blonde-aquitaine.com\/fr\/#website\"},\"primaryImageOfPage\":{\"@id\":\"https:\/\/www.blonde-aquitaine.com\/fr\/une-journee-dans-les-paysages-de-la-blonde-daquitaine-pour-mieux-se-connaitre\/#primaryimage\"},\"image\":{\"@id\":\"https:\/\/www.blonde-aquitaine.com\/fr\/une-journee-dans-les-paysages-de-la-blonde-daquitaine-pour-mieux-se-connaitre\/#primaryimage\"},\"thumbnailUrl\":\"https:\/\/www.blonde-aquitaine.com\/wp-content\/uploads\/2023\/12\/Copertina_BDA_news8.jpg\",\"datePublished\":\"2023-12-21T16:49:15+00:00\",\"dateModified\":\"2023-12-22T13:43:39+00:00\",\"author\":{\"@id\":\"https:\/\/www.blonde-aquitaine.com\/fr\/#\/schema\/person\/868875af70b34cb7a9038d8391a5938e\"},\"description\":\"Pour la troisi\u00e8me \u00e9dition de la Balade en paysage d\u2019\u00e9leveurs, une promenade d\u00e9gustation a eu lieu entre les territoires d\u2019\u00e9levage de la Blonde d\u2019Aquitaine.\",\"breadcrumb\":{\"@id\":\"https:\/\/www.blonde-aquitaine.com\/fr\/une-journee-dans-les-paysages-de-la-blonde-daquitaine-pour-mieux-se-connaitre\/#breadcrumb\"},\"inLanguage\":\"fr-FR\",\"potentialAction\":[{\"@type\":\"ReadAction\",\"target\":[\"https:\/\/www.blonde-aquitaine.com\/fr\/une-journee-dans-les-paysages-de-la-blonde-daquitaine-pour-mieux-se-connaitre\/\"]}]},{\"@type\":\"ImageObject\",\"inLanguage\":\"fr-FR\",\"@id\":\"https:\/\/www.blonde-aquitaine.com\/fr\/une-journee-dans-les-paysages-de-la-blonde-daquitaine-pour-mieux-se-connaitre\/#primaryimage\",\"url\":\"https:\/\/www.blonde-aquitaine.com\/wp-content\/uploads\/2023\/12\/Copertina_BDA_news8.jpg\",\"contentUrl\":\"https:\/\/www.blonde-aquitaine.com\/wp-content\/uploads\/2023\/12\/Copertina_BDA_news8.jpg\",\"width\":1280,\"height\":720},{\"@type\":\"BreadcrumbList\",\"@id\":\"https:\/\/www.blonde-aquitaine.com\/fr\/une-journee-dans-les-paysages-de-la-blonde-daquitaine-pour-mieux-se-connaitre\/#breadcrumb\",\"itemListElement\":[{\"@type\":\"ListItem\",\"position\":1,\"name\":\"Home\",\"item\":\"https:\/\/www.blonde-aquitaine.com\/fr\/\"},{\"@type\":\"ListItem\",\"position\":2,\"name\":\"Une journ\u00e9e dans les paysages de la Blonde d\u2019Aquitaine, pour mieux se conna\u00eetre\"}]},{\"@type\":\"WebSite\",\"@id\":\"https:\/\/www.blonde-aquitaine.com\/fr\/#website\",\"url\":\"https:\/\/www.blonde-aquitaine.com\/fr\/\",\"name\":\"Blonde d&#039;Aquitaine\",\"description\":\"Carne europea naturalmente tenera\",\"potentialAction\":[{\"@type\":\"SearchAction\",\"target\":{\"@type\":\"EntryPoint\",\"urlTemplate\":\"https:\/\/www.blonde-aquitaine.com\/fr\/?s={search_term_string}\"},\"query-input\":{\"@type\":\"PropertyValueSpecification\",\"valueRequired\":true,\"valueName\":\"search_term_string\"}}],\"inLanguage\":\"fr-FR\"},{\"@type\":\"Person\",\"@id\":\"https:\/\/www.blonde-aquitaine.com\/fr\/#\/schema\/person\/868875af70b34cb7a9038d8391a5938e\",\"name\":\"Lorenzo Macculi\"}]}<\/script>\n<!-- \/ Yoast SEO plugin. -->","yoast_head_json":{"title":"La Blonde d\u2019Aquitaine dans l\u2019\u00e9mission E-Planet - Blonde d&#039;Aquitaine","description":"Pour la troisi\u00e8me \u00e9dition de la Balade en paysage d\u2019\u00e9leveurs, une promenade d\u00e9gustation a eu lieu entre les territoires d\u2019\u00e9levage de la Blonde d\u2019Aquitaine.","robots":{"index":"index","follow":"follow","max-snippet":"max-snippet:-1","max-image-preview":"max-image-preview:large","max-video-preview":"max-video-preview:-1"},"canonical":"https:\/\/www.blonde-aquitaine.com\/fr\/une-journee-dans-les-paysages-de-la-blonde-daquitaine-pour-mieux-se-connaitre\/","og_locale":"fr_FR","og_type":"article","og_title":"La Blonde d\u2019Aquitaine dans l\u2019\u00e9mission E-Planet - Blonde d&#039;Aquitaine","og_description":"Pour la troisi\u00e8me \u00e9dition de la Balade en paysage d\u2019\u00e9leveurs, une promenade d\u00e9gustation a eu lieu entre les territoires d\u2019\u00e9levage de la Blonde d\u2019Aquitaine.","og_url":"https:\/\/www.blonde-aquitaine.com\/fr\/une-journee-dans-les-paysages-de-la-blonde-daquitaine-pour-mieux-se-connaitre\/","og_site_name":"Blonde d&#039;Aquitaine","article_published_time":"2023-12-21T16:49:15+00:00","article_modified_time":"2023-12-22T13:43:39+00:00","og_image":[{"width":1280,"height":720,"url":"https:\/\/www.blonde-aquitaine.com\/wp-content\/uploads\/2023\/12\/Copertina_BDA_news8.jpg","type":"image\/jpeg"}],"author":"Lorenzo Macculi","twitter_card":"summary_large_image","twitter_misc":{"\u00c9crit par":"Lorenzo Macculi","Dur\u00e9e de lecture estim\u00e9e":"2 minutes"},"schema":{"@context":"https:\/\/schema.org","@graph":[{"@type":"WebPage","@id":"https:\/\/www.blonde-aquitaine.com\/fr\/une-journee-dans-les-paysages-de-la-blonde-daquitaine-pour-mieux-se-connaitre\/","url":"https:\/\/www.blonde-aquitaine.com\/fr\/une-journee-dans-les-paysages-de-la-blonde-daquitaine-pour-mieux-se-connaitre\/","name":"La Blonde d\u2019Aquitaine dans l\u2019\u00e9mission E-Planet - Blonde d&#039;Aquitaine","isPartOf":{"@id":"https:\/\/www.blonde-aquitaine.com\/fr\/#website"},"primaryImageOfPage":{"@id":"https:\/\/www.blonde-aquitaine.com\/fr\/une-journee-dans-les-paysages-de-la-blonde-daquitaine-pour-mieux-se-connaitre\/#primaryimage"},"image":{"@id":"https:\/\/www.blonde-aquitaine.com\/fr\/une-journee-dans-les-paysages-de-la-blonde-daquitaine-pour-mieux-se-connaitre\/#primaryimage"},"thumbnailUrl":"https:\/\/www.blonde-aquitaine.com\/wp-content\/uploads\/2023\/12\/Copertina_BDA_news8.jpg","datePublished":"2023-12-21T16:49:15+00:00","dateModified":"2023-12-22T13:43:39+00:00","author":{"@id":"https:\/\/www.blonde-aquitaine.com\/fr\/#\/schema\/person\/868875af70b34cb7a9038d8391a5938e"},"description":"Pour la troisi\u00e8me \u00e9dition de la Balade en paysage d\u2019\u00e9leveurs, une promenade d\u00e9gustation a eu lieu entre les territoires d\u2019\u00e9levage de la Blonde d\u2019Aquitaine.","breadcrumb":{"@id":"https:\/\/www.blonde-aquitaine.com\/fr\/une-journee-dans-les-paysages-de-la-blonde-daquitaine-pour-mieux-se-connaitre\/#breadcrumb"},"inLanguage":"fr-FR","potentialAction":[{"@type":"ReadAction","target":["https:\/\/www.blonde-aquitaine.com\/fr\/une-journee-dans-les-paysages-de-la-blonde-daquitaine-pour-mieux-se-connaitre\/"]}]},{"@type":"ImageObject","inLanguage":"fr-FR","@id":"https:\/\/www.blonde-aquitaine.com\/fr\/une-journee-dans-les-paysages-de-la-blonde-daquitaine-pour-mieux-se-connaitre\/#primaryimage","url":"https:\/\/www.blonde-aquitaine.com\/wp-content\/uploads\/2023\/12\/Copertina_BDA_news8.jpg","contentUrl":"https:\/\/www.blonde-aquitaine.com\/wp-content\/uploads\/2023\/12\/Copertina_BDA_news8.jpg","width":1280,"height":720},{"@type":"BreadcrumbList","@id":"https:\/\/www.blonde-aquitaine.com\/fr\/une-journee-dans-les-paysages-de-la-blonde-daquitaine-pour-mieux-se-connaitre\/#breadcrumb","itemListElement":[{"@type":"ListItem","position":1,"name":"Home","item":"https:\/\/www.blonde-aquitaine.com\/fr\/"},{"@type":"ListItem","position":2,"name":"Une journ\u00e9e dans les paysages de la Blonde d\u2019Aquitaine, pour mieux se conna\u00eetre"}]},{"@type":"WebSite","@id":"https:\/\/www.blonde-aquitaine.com\/fr\/#website","url":"https:\/\/www.blonde-aquitaine.com\/fr\/","name":"Blonde d&#039;Aquitaine","description":"Carne europea naturalmente tenera","potentialAction":[{"@type":"SearchAction","target":{"@type":"EntryPoint","urlTemplate":"https:\/\/www.blonde-aquitaine.com\/fr\/?s={search_term_string}"},"query-input":{"@type":"PropertyValueSpecification","valueRequired":true,"valueName":"search_term_string"}}],"inLanguage":"fr-FR"},{"@type":"Person","@id":"https:\/\/www.blonde-aquitaine.com\/fr\/#\/schema\/person\/868875af70b34cb7a9038d8391a5938e","name":"Lorenzo Macculi"}]}},"_links":{"self":[{"href":"https:\/\/www.blonde-aquitaine.com\/fr\/wp-json\/wp\/v2\/posts\/4594"}],"collection":[{"href":"https:\/\/www.blonde-aquitaine.com\/fr\/wp-json\/wp\/v2\/posts"}],"about":[{"href":"https:\/\/www.blonde-aquitaine.com\/fr\/wp-json\/wp\/v2\/types\/post"}],"author":[{"embeddable":true,"href":"https:\/\/www.blonde-aquitaine.com\/fr\/wp-json\/wp\/v2\/users\/9"}],"replies":[{"embeddable":true,"href":"https:\/\/www.blonde-aquitaine.com\/fr\/wp-json\/wp\/v2\/comments?post=4594"}],"version-history":[{"count":5,"href":"https:\/\/www.blonde-aquitaine.com\/fr\/wp-json\/wp\/v2\/posts\/4594\/revisions"}],"predecessor-version":[{"id":4670,"href":"https:\/\/www.blonde-aquitaine.com\/fr\/wp-json\/wp\/v2\/posts\/4594\/revisions\/4670"}],"wp:featuredmedia":[{"embeddable":true,"href":"https:\/\/www.blonde-aquitaine.com\/fr\/wp-json\/wp\/v2\/media\/4613"}],"wp:attachment":[{"href":"https:\/\/www.blonde-aquitaine.com\/fr\/wp-json\/wp\/v2\/media?parent=4594"}],"wp:term":[{"taxonomy":"category","embeddable":true,"href":"https:\/\/www.blonde-aquitaine.com\/fr\/wp-json\/wp\/v2\/categories?post=4594"},{"taxonomy":"post_tag","embeddable":true,"href":"https:\/\/www.blonde-aquitaine.com\/fr\/wp-json\/wp\/v2\/tags?post=4594"}],"curies":[{"name":"wp","href":"https:\/\/api.w.org\/{rel}","templated":true}]}}