{"id":3736,"date":"2021-05-31T14:32:22","date_gmt":"2021-05-31T12:32:22","guid":{"rendered":"https:\/\/www.blonde-aquitaine.com\/?p=3736"},"modified":"2021-06-17T14:46:01","modified_gmt":"2021-06-17T12:46:01","slug":"__trashed","status":"publish","type":"post","link":"https:\/\/www.blonde-aquitaine.com\/fr\/__trashed\/","title":{"rendered":"Barolo&#038;co d\u00e9die un article \u00e0 la Blonde d\u2019Aquitaine"},"content":{"rendered":"<section class=\"wpb-content-wrapper\"><p>[vc_row][vc_column][vc_column_text uniqid=&#8221;607ecfc97e397&#8243;]<strong>Barolo&amp;Co.<\/strong> d\u00e9die un article au projet de promotion et valorisation de la Blonde d\u2019Aquitaine, l\u2019une de majeures races \u00e0 viande de qualit\u00e9 sup\u00e9rieure \u00e0 niveau mondial, g\u00e9r\u00e9 par l\u2019Organisation italienne Asprocarne Piemonte en collaboration avec l\u2019association fran\u00e7aise France Blonde d\u2019Aquitaine S\u00e9lection, qui a son si\u00e8ge \u00e0 Agen, dans la R\u00e9gion Nouvelle-Aquitaine.<\/p>\n<p>Depuis 38 ans, la revue Barolo&#038;Co. est une voix forte dans le contexte de la viticulture italien en ce qui concerne la pr\u00e9sentation des th\u00e8mes chers \u00e0 ce secteur, ainsi que de ceux gastronomiques et touristiques, avec particulier attention au Pi\u00e9mont. Tous th\u00e8mes d\u2019int\u00e9r\u00eat pour ses lecteurs passionn\u00e9s et professionnels.[\/vc_column_text][\/vc_column][\/vc_row][vc_row][vc_column][vc_btn title=&#8221;Lisez l\u2019article (en italien)&#8221; style=&#8221;flat&#8221; shape=&#8221;square&#8221; color=&#8221;orange&#8221; align=&#8221;left&#8221; css_animation=&#8221;fadeInUp&#8221; link=&#8221;url:https%3A%2F%2Fwww.blonde-aquitaine.com%2Fwp-content%2Fuploads%2F2021%2F04%2FBaroloeCo-Strategie_Blonde-dAquitaine.pdf|target:_blank|&#8221;][\/vc_column][\/vc_row]<\/p>\n<\/section>","protected":false},"excerpt":{"rendered":"<p>[vc_row][vc_column][vc_column_text uniqid=&#8221;607ecfc97e397&#8243;]Barolo&amp;Co. d\u00e9die un article au projet de promotion et valorisation de la Blonde d\u2019Aquitaine, l\u2019une de majeures races \u00e0 viande de qualit\u00e9 sup\u00e9rieure \u00e0 niveau mondial, g\u00e9r\u00e9 par l\u2019Organisation italienne Asprocarne Piemonte en collaboration avec l\u2019association fran\u00e7aise France Blonde d\u2019Aquitaine S\u00e9lection, qui a son si\u00e8ge \u00e0 Agen, dans la R\u00e9gion Nouvelle-Aquitaine. Depuis 38 ans, [&hellip;]<\/p>\n","protected":false},"author":8,"featured_media":3726,"comment_status":"closed","ping_status":"closed","sticky":false,"template":"","format":"standard","meta":{"_acf_changed":false,"_monsterinsights_skip_tracking":false,"_monsterinsights_sitenote_active":false,"_monsterinsights_sitenote_note":"","_monsterinsights_sitenote_category":0,"footnotes":""},"categories":[34],"tags":[37,83,36],"acf":[],"yoast_head":"<!-- This site is optimized with the Yoast SEO plugin v24.5 - https:\/\/yoast.com\/wordpress\/plugins\/seo\/ -->\n<title>Barolo&amp;co d\u00e9die un article \u00e0 la Blonde d\u2019Aquitaine - Blonde d&#039;Aquitaine<\/title>\n<meta name=\"robots\" content=\"index, follow, max-snippet:-1, max-image-preview:large, max-video-preview:-1\" \/>\n<link rel=\"canonical\" href=\"https:\/\/www.blonde-aquitaine.com\/fr\/__trashed\/\" \/>\n<meta property=\"og:locale\" content=\"fr_FR\" \/>\n<meta property=\"og:type\" content=\"article\" \/>\n<meta property=\"og:title\" content=\"Barolo&amp;co d\u00e9die un article \u00e0 la Blonde d\u2019Aquitaine - Blonde d&#039;Aquitaine\" \/>\n<meta property=\"og:description\" content=\"[vc_row][vc_column][vc_column_text uniqid=&#8221;607ecfc97e397&#8243;]Barolo&amp;Co. d\u00e9die un article au projet de promotion et valorisation de la Blonde d\u2019Aquitaine, l\u2019une de majeures races \u00e0 viande de qualit\u00e9 sup\u00e9rieure \u00e0 niveau mondial, g\u00e9r\u00e9 par l\u2019Organisation italienne Asprocarne Piemonte en collaboration avec l\u2019association fran\u00e7aise France Blonde d\u2019Aquitaine S\u00e9lection, qui a son si\u00e8ge \u00e0 Agen, dans la R\u00e9gion Nouvelle-Aquitaine. Depuis 38 ans, [&hellip;]\" \/>\n<meta property=\"og:url\" content=\"https:\/\/www.blonde-aquitaine.com\/fr\/__trashed\/\" \/>\n<meta property=\"og:site_name\" content=\"Blonde d&#039;Aquitaine\" \/>\n<meta property=\"article:published_time\" content=\"2021-05-31T12:32:22+00:00\" \/>\n<meta property=\"article:modified_time\" content=\"2021-06-17T12:46:01+00:00\" \/>\n<meta property=\"og:image\" content=\"https:\/\/www.blonde-aquitaine.com\/wp-content\/uploads\/2021\/04\/barolo.jpg\" \/>\n\t<meta property=\"og:image:width\" content=\"372\" \/>\n\t<meta property=\"og:image:height\" content=\"372\" \/>\n\t<meta property=\"og:image:type\" content=\"image\/jpeg\" \/>\n<meta name=\"author\" content=\"Blonde d\u2019Aquitaine\" \/>\n<meta name=\"twitter:card\" content=\"summary_large_image\" \/>\n<meta name=\"twitter:label1\" content=\"\u00c9crit par\" \/>\n\t<meta name=\"twitter:data1\" content=\"Blonde d\u2019Aquitaine\" \/>\n\t<meta name=\"twitter:label2\" content=\"Dur\u00e9e de lecture estim\u00e9e\" \/>\n\t<meta name=\"twitter:data2\" content=\"1 minute\" \/>\n<script type=\"application\/ld+json\" class=\"yoast-schema-graph\">{\"@context\":\"https:\/\/schema.org\",\"@graph\":[{\"@type\":\"WebPage\",\"@id\":\"https:\/\/www.blonde-aquitaine.com\/fr\/__trashed\/\",\"url\":\"https:\/\/www.blonde-aquitaine.com\/fr\/__trashed\/\",\"name\":\"Barolo&co d\u00e9die un article \u00e0 la Blonde d\u2019Aquitaine - Blonde d&#039;Aquitaine\",\"isPartOf\":{\"@id\":\"https:\/\/www.blonde-aquitaine.com\/fr\/#website\"},\"primaryImageOfPage\":{\"@id\":\"https:\/\/www.blonde-aquitaine.com\/fr\/__trashed\/#primaryimage\"},\"image\":{\"@id\":\"https:\/\/www.blonde-aquitaine.com\/fr\/__trashed\/#primaryimage\"},\"thumbnailUrl\":\"https:\/\/www.blonde-aquitaine.com\/wp-content\/uploads\/2021\/04\/barolo.jpg\",\"datePublished\":\"2021-05-31T12:32:22+00:00\",\"dateModified\":\"2021-06-17T12:46:01+00:00\",\"author\":{\"@id\":\"https:\/\/www.blonde-aquitaine.com\/fr\/#\/schema\/person\/2d13a6419eb928e045ac281e7292307e\"},\"breadcrumb\":{\"@id\":\"https:\/\/www.blonde-aquitaine.com\/fr\/__trashed\/#breadcrumb\"},\"inLanguage\":\"fr-FR\",\"potentialAction\":[{\"@type\":\"ReadAction\",\"target\":[\"https:\/\/www.blonde-aquitaine.com\/fr\/__trashed\/\"]}]},{\"@type\":\"ImageObject\",\"inLanguage\":\"fr-FR\",\"@id\":\"https:\/\/www.blonde-aquitaine.com\/fr\/__trashed\/#primaryimage\",\"url\":\"https:\/\/www.blonde-aquitaine.com\/wp-content\/uploads\/2021\/04\/barolo.jpg\",\"contentUrl\":\"https:\/\/www.blonde-aquitaine.com\/wp-content\/uploads\/2021\/04\/barolo.jpg\",\"width\":372,\"height\":372},{\"@type\":\"BreadcrumbList\",\"@id\":\"https:\/\/www.blonde-aquitaine.com\/fr\/__trashed\/#breadcrumb\",\"itemListElement\":[{\"@type\":\"ListItem\",\"position\":1,\"name\":\"Home\",\"item\":\"https:\/\/www.blonde-aquitaine.com\/fr\/\"},{\"@type\":\"ListItem\",\"position\":2,\"name\":\"Barolo&#038;co d\u00e9die un article \u00e0 la Blonde d\u2019Aquitaine\"}]},{\"@type\":\"WebSite\",\"@id\":\"https:\/\/www.blonde-aquitaine.com\/fr\/#website\",\"url\":\"https:\/\/www.blonde-aquitaine.com\/fr\/\",\"name\":\"Blonde d&#039;Aquitaine\",\"description\":\"Carne europea naturalmente tenera\",\"potentialAction\":[{\"@type\":\"SearchAction\",\"target\":{\"@type\":\"EntryPoint\",\"urlTemplate\":\"https:\/\/www.blonde-aquitaine.com\/fr\/?s={search_term_string}\"},\"query-input\":{\"@type\":\"PropertyValueSpecification\",\"valueRequired\":true,\"valueName\":\"search_term_string\"}}],\"inLanguage\":\"fr-FR\"},{\"@type\":\"Person\",\"@id\":\"https:\/\/www.blonde-aquitaine.com\/fr\/#\/schema\/person\/2d13a6419eb928e045ac281e7292307e\",\"name\":\"Blonde d\u2019Aquitaine\"}]}<\/script>\n<!-- \/ Yoast SEO plugin. -->","yoast_head_json":{"title":"Barolo&co d\u00e9die un article \u00e0 la Blonde d\u2019Aquitaine - Blonde d&#039;Aquitaine","robots":{"index":"index","follow":"follow","max-snippet":"max-snippet:-1","max-image-preview":"max-image-preview:large","max-video-preview":"max-video-preview:-1"},"canonical":"https:\/\/www.blonde-aquitaine.com\/fr\/__trashed\/","og_locale":"fr_FR","og_type":"article","og_title":"Barolo&co d\u00e9die un article \u00e0 la Blonde d\u2019Aquitaine - Blonde d&#039;Aquitaine","og_description":"[vc_row][vc_column][vc_column_text uniqid=&#8221;607ecfc97e397&#8243;]Barolo&amp;Co. d\u00e9die un article au projet de promotion et valorisation de la Blonde d\u2019Aquitaine, l\u2019une de majeures races \u00e0 viande de qualit\u00e9 sup\u00e9rieure \u00e0 niveau mondial, g\u00e9r\u00e9 par l\u2019Organisation italienne Asprocarne Piemonte en collaboration avec l\u2019association fran\u00e7aise France Blonde d\u2019Aquitaine S\u00e9lection, qui a son si\u00e8ge \u00e0 Agen, dans la R\u00e9gion Nouvelle-Aquitaine. Depuis 38 ans, [&hellip;]","og_url":"https:\/\/www.blonde-aquitaine.com\/fr\/__trashed\/","og_site_name":"Blonde d&#039;Aquitaine","article_published_time":"2021-05-31T12:32:22+00:00","article_modified_time":"2021-06-17T12:46:01+00:00","og_image":[{"width":372,"height":372,"url":"https:\/\/www.blonde-aquitaine.com\/wp-content\/uploads\/2021\/04\/barolo.jpg","type":"image\/jpeg"}],"author":"Blonde d\u2019Aquitaine","twitter_card":"summary_large_image","twitter_misc":{"\u00c9crit par":"Blonde d\u2019Aquitaine","Dur\u00e9e de lecture estim\u00e9e":"1 minute"},"schema":{"@context":"https:\/\/schema.org","@graph":[{"@type":"WebPage","@id":"https:\/\/www.blonde-aquitaine.com\/fr\/__trashed\/","url":"https:\/\/www.blonde-aquitaine.com\/fr\/__trashed\/","name":"Barolo&co d\u00e9die un article \u00e0 la Blonde d\u2019Aquitaine - Blonde d&#039;Aquitaine","isPartOf":{"@id":"https:\/\/www.blonde-aquitaine.com\/fr\/#website"},"primaryImageOfPage":{"@id":"https:\/\/www.blonde-aquitaine.com\/fr\/__trashed\/#primaryimage"},"image":{"@id":"https:\/\/www.blonde-aquitaine.com\/fr\/__trashed\/#primaryimage"},"thumbnailUrl":"https:\/\/www.blonde-aquitaine.com\/wp-content\/uploads\/2021\/04\/barolo.jpg","datePublished":"2021-05-31T12:32:22+00:00","dateModified":"2021-06-17T12:46:01+00:00","author":{"@id":"https:\/\/www.blonde-aquitaine.com\/fr\/#\/schema\/person\/2d13a6419eb928e045ac281e7292307e"},"breadcrumb":{"@id":"https:\/\/www.blonde-aquitaine.com\/fr\/__trashed\/#breadcrumb"},"inLanguage":"fr-FR","potentialAction":[{"@type":"ReadAction","target":["https:\/\/www.blonde-aquitaine.com\/fr\/__trashed\/"]}]},{"@type":"ImageObject","inLanguage":"fr-FR","@id":"https:\/\/www.blonde-aquitaine.com\/fr\/__trashed\/#primaryimage","url":"https:\/\/www.blonde-aquitaine.com\/wp-content\/uploads\/2021\/04\/barolo.jpg","contentUrl":"https:\/\/www.blonde-aquitaine.com\/wp-content\/uploads\/2021\/04\/barolo.jpg","width":372,"height":372},{"@type":"BreadcrumbList","@id":"https:\/\/www.blonde-aquitaine.com\/fr\/__trashed\/#breadcrumb","itemListElement":[{"@type":"ListItem","position":1,"name":"Home","item":"https:\/\/www.blonde-aquitaine.com\/fr\/"},{"@type":"ListItem","position":2,"name":"Barolo&#038;co d\u00e9die un article \u00e0 la Blonde d\u2019Aquitaine"}]},{"@type":"WebSite","@id":"https:\/\/www.blonde-aquitaine.com\/fr\/#website","url":"https:\/\/www.blonde-aquitaine.com\/fr\/","name":"Blonde d&#039;Aquitaine","description":"Carne europea naturalmente tenera","potentialAction":[{"@type":"SearchAction","target":{"@type":"EntryPoint","urlTemplate":"https:\/\/www.blonde-aquitaine.com\/fr\/?s={search_term_string}"},"query-input":{"@type":"PropertyValueSpecification","valueRequired":true,"valueName":"search_term_string"}}],"inLanguage":"fr-FR"},{"@type":"Person","@id":"https:\/\/www.blonde-aquitaine.com\/fr\/#\/schema\/person\/2d13a6419eb928e045ac281e7292307e","name":"Blonde d\u2019Aquitaine"}]}},"_links":{"self":[{"href":"https:\/\/www.blonde-aquitaine.com\/fr\/wp-json\/wp\/v2\/posts\/3736"}],"collection":[{"href":"https:\/\/www.blonde-aquitaine.com\/fr\/wp-json\/wp\/v2\/posts"}],"about":[{"href":"https:\/\/www.blonde-aquitaine.com\/fr\/wp-json\/wp\/v2\/types\/post"}],"author":[{"embeddable":true,"href":"https:\/\/www.blonde-aquitaine.com\/fr\/wp-json\/wp\/v2\/users\/8"}],"replies":[{"embeddable":true,"href":"https:\/\/www.blonde-aquitaine.com\/fr\/wp-json\/wp\/v2\/comments?post=3736"}],"version-history":[{"count":0,"href":"https:\/\/www.blonde-aquitaine.com\/fr\/wp-json\/wp\/v2\/posts\/3736\/revisions"}],"wp:featuredmedia":[{"embeddable":true,"href":"https:\/\/www.blonde-aquitaine.com\/fr\/wp-json\/wp\/v2\/media\/3726"}],"wp:attachment":[{"href":"https:\/\/www.blonde-aquitaine.com\/fr\/wp-json\/wp\/v2\/media?parent=3736"}],"wp:term":[{"taxonomy":"category","embeddable":true,"href":"https:\/\/www.blonde-aquitaine.com\/fr\/wp-json\/wp\/v2\/categories?post=3736"},{"taxonomy":"post_tag","embeddable":true,"href":"https:\/\/www.blonde-aquitaine.com\/fr\/wp-json\/wp\/v2\/tags?post=3736"}],"curies":[{"name":"wp","href":"https:\/\/api.w.org\/{rel}","templated":true}]}}